{"id":9049,"date":"2021-02-26T11:40:53","date_gmt":"2021-02-26T10:40:53","guid":{"rendered":"https:\/\/www.villavalverde.it\/teatro-greco-romano\/"},"modified":"2025-06-20T11:59:37","modified_gmt":"2025-06-20T09:59:37","slug":"le-theatre-greco-romain","status":"publish","type":"post","link":"https:\/\/www.villavalverde.it\/fr\/le-theatre-greco-romain\/","title":{"rendered":"Le Th\u00e9\u00e2tre Gr\u00e9co-Romain"},"content":{"rendered":"\t\t<div data-elementor-type=\"wp-post\" data-elementor-id=\"9049\" class=\"elementor elementor-9049\" data-elementor-settings=\"[]\">\n\t\t\t\t\t\t\t<div class=\"elementor-section-wrap\">\n\t\t\t\t\t\t\t<section class=\"elementor-section elementor-top-section elementor-element elementor-element-eeb33c1 elementor-section-boxed elementor-section-height-default elementor-section-height-default qodef-elementor-content-no\" data-id=\"eeb33c1\" data-element_type=\"section\">\n\t\t\t\t\t\t<div class=\"elementor-container elementor-column-gap-default\">\n\t\t\t\t\t<div class=\"elementor-column elementor-col-100 elementor-top-column elementor-element elementor-element-43183c2\" data-id=\"43183c2\" data-element_type=\"column\">\n\t\t\t<div class=\"elementor-widget-wrap elementor-element-populated\">\n\t\t\t\t\t\t\t\t<div class=\"elementor-element elementor-element-6692b62 elementor-widget elementor-widget-text-editor\" data-id=\"6692b62\" data-element_type=\"widget\" data-widget_type=\"text-editor.default\">\n\t\t\t\t<div class=\"elementor-widget-container\">\n\t\t\t\t\t<div class=\"elementor-text-editor elementor-clearfix\"><p><strong>Construit dans la seconde moiti\u00e9 du III<sup>e<\/sup> si\u00e8cle avant JC<\/strong>, il s\u2019est enrichi d\u2019\u00e9l\u00e9ments architecturaux et artistiques gr\u00e2ce \u00e0 l\u2019intervention de l\u2019empereur romain C\u00e9sar Auguste Ottaviano. Pour cette raison, bien qu\u2019\u00e9tant le second de Sicile par sa grandeur, apr\u00e8s celui de Siracusa, ses particularit\u00e9s architecturales le rendent unique au monde, avec <strong>une vue imprenable qui va de l\u2019Etna \u00e0 la baie de Giardini Naxos.<\/strong><\/p><\/div>\n\t\t\t\t<\/div>\n\t\t\t\t<\/div>\n\t\t\t\t\t<\/div>\n\t\t<\/div>\n\t\t\t\t\t\t\t<\/div>\n\t\t<\/section>\n\t\t\t\t<section class=\"elementor-section elementor-top-section elementor-element elementor-element-96803aa elementor-section-boxed elementor-section-height-default elementor-section-height-default qodef-elementor-content-no\" data-id=\"96803aa\" data-element_type=\"section\">\n\t\t\t\t\t\t<div class=\"elementor-container elementor-column-gap-default\">\n\t\t\t\t\t<div class=\"elementor-column elementor-col-100 elementor-top-column elementor-element elementor-element-6303b32\" data-id=\"6303b32\" data-element_type=\"column\">\n\t\t\t<div class=\"elementor-widget-wrap elementor-element-populated\">\n\t\t\t\t\t\t\t\t<div class=\"elementor-element elementor-element-92c66ac elementor-widget elementor-widget-text-editor\" data-id=\"92c66ac\" data-element_type=\"widget\" data-widget_type=\"text-editor.default\">\n\t\t\t\t<div class=\"elementor-widget-container\">\n\t\t\t\t\t<div class=\"elementor-text-editor elementor-clearfix\"><p>Depuis des d\u00e9cennies, il est un lieu de culture et s\u2019y sont tenus d\u2019<strong>innombrables \u00e9v\u00e8nements et spectacles <\/strong>qui ont accueilli les plus grands artistes du XXe si\u00e8cle. Une mention sp\u00e9ciale pour le <strong>Prix cin\u00e9matographique \u00ab David di Donatello \u00bb, et la Rassegna Cinematografica Internazionale \u00ab Taormina Film Festival \u00bb.<\/strong><\/p><\/div>\n\t\t\t\t<\/div>\n\t\t\t\t<\/div>\n\t\t\t\t\t<\/div>\n\t\t<\/div>\n\t\t\t\t\t\t\t<\/div>\n\t\t<\/section>\n\t\t\t\t\t\t<\/div>\n\t\t\t\t\t<\/div>\n\t\t","protected":false},"excerpt":{"rendered":"<p>Construit dans la seconde moiti\u00e9 du IIIe si\u00e8cle avant JC, il s\u2019est enrichi d\u2019\u00e9l\u00e9ments architecturaux et artistiques gr\u00e2ce \u00e0 l\u2019intervention de l\u2019empereur romain C\u00e9sar Auguste Ottaviano. Pour cette raison, bien qu\u2019\u00e9tant le second de Sicile par sa grandeur, apr\u00e8s celui de Siracusa, ses particularit\u00e9s architecturales le rendent unique au monde, avec une vue imprenable qui [&hellip;]<\/p>\n","protected":false},"author":1,"featured_media":35151,"comment_status":"closed","ping_status":"open","sticky":false,"template":"","format":"standard","meta":{"footnotes":""},"categories":[110],"tags":[],"class_list":["post-9049","post","type-post","status-publish","format-standard","has-post-thumbnail","hentry","category-environs"],"yoast_head":"<!-- This site is optimized with the Yoast SEO plugin v27.5 - https:\/\/yoast.com\/product\/yoast-seo-wordpress\/ -->\n<title>Le Th\u00e9\u00e2tre Gr\u00e9co-Romain - Villa Valverde<\/title>\n<meta name=\"robots\" content=\"index, follow, max-snippet:-1, max-image-preview:large, max-video-preview:-1\" \/>\n<link rel=\"canonical\" href=\"https:\/\/www.villavalverde.it\/fr\/le-theatre-greco-romain\/\" \/>\n<meta property=\"og:locale\" content=\"fr_FR\" \/>\n<meta property=\"og:type\" content=\"article\" \/>\n<meta property=\"og:title\" content=\"Le Th\u00e9\u00e2tre Gr\u00e9co-Romain - Villa Valverde\" \/>\n<meta property=\"og:description\" content=\"Construit dans la seconde moiti\u00e9 du IIIe si\u00e8cle avant JC, il s\u2019est enrichi d\u2019\u00e9l\u00e9ments architecturaux et artistiques gr\u00e2ce \u00e0 l\u2019intervention de l\u2019empereur romain C\u00e9sar Auguste Ottaviano. Pour cette raison, bien qu\u2019\u00e9tant le second de Sicile par sa grandeur, apr\u00e8s celui de Siracusa, ses particularit\u00e9s architecturales le rendent unique au monde, avec une vue imprenable qui [&hellip;]\" \/>\n<meta property=\"og:url\" content=\"https:\/\/www.villavalverde.it\/fr\/le-theatre-greco-romain\/\" \/>\n<meta property=\"og:site_name\" content=\"Villa Valverde\" \/>\n<meta property=\"article:published_time\" content=\"2021-02-26T10:40:53+00:00\" \/>\n<meta property=\"article:modified_time\" content=\"2025-06-20T09:59:37+00:00\" \/>\n<meta property=\"og:image\" content=\"https:\/\/www.villavalverde.it\/wp-content\/uploads\/2021\/02\/villa-valverde-dintorni-i-teatro-taormina.jpg\" \/>\n\t<meta property=\"og:image:width\" content=\"1300\" \/>\n\t<meta property=\"og:image:height\" content=\"1740\" \/>\n\t<meta property=\"og:image:type\" content=\"image\/jpeg\" \/>\n<meta name=\"author\" content=\"trippete\" \/>\n<meta name=\"twitter:card\" content=\"summary_large_image\" \/>\n<meta name=\"twitter:label1\" content=\"\u00c9crit par\" \/>\n\t<meta name=\"twitter:data1\" content=\"trippete\" \/>\n\t<meta name=\"twitter:label2\" content=\"Dur\u00e9e de lecture estim\u00e9e\" \/>\n\t<meta name=\"twitter:data2\" content=\"1 minute\" \/>\n<script type=\"application\/ld+json\" class=\"yoast-schema-graph\">{\"@context\":\"https:\\\/\\\/schema.org\",\"@graph\":[{\"@type\":\"Article\",\"@id\":\"https:\\\/\\\/www.villavalverde.it\\\/fr\\\/le-theatre-greco-romain\\\/#article\",\"isPartOf\":{\"@id\":\"https:\\\/\\\/www.villavalverde.it\\\/fr\\\/le-theatre-greco-romain\\\/\"},\"author\":{\"name\":\"trippete\",\"@id\":\"https:\\\/\\\/www.villavalverde.it\\\/#\\\/schema\\\/person\\\/44484402f8e43cfebf6a2a546aeb7d88\"},\"headline\":\"Le Th\u00e9\u00e2tre Gr\u00e9co-Romain\",\"datePublished\":\"2021-02-26T10:40:53+00:00\",\"dateModified\":\"2025-06-20T09:59:37+00:00\",\"mainEntityOfPage\":{\"@id\":\"https:\\\/\\\/www.villavalverde.it\\\/fr\\\/le-theatre-greco-romain\\\/\"},\"wordCount\":131,\"image\":{\"@id\":\"https:\\\/\\\/www.villavalverde.it\\\/fr\\\/le-theatre-greco-romain\\\/#primaryimage\"},\"thumbnailUrl\":\"https:\\\/\\\/www.villavalverde.it\\\/wp-content\\\/uploads\\\/2021\\\/02\\\/villa-valverde-dintorni-i-teatro-taormina.jpg\",\"articleSection\":[\"Environs\"],\"inLanguage\":\"fr-FR\"},{\"@type\":\"WebPage\",\"@id\":\"https:\\\/\\\/www.villavalverde.it\\\/fr\\\/le-theatre-greco-romain\\\/\",\"url\":\"https:\\\/\\\/www.villavalverde.it\\\/fr\\\/le-theatre-greco-romain\\\/\",\"name\":\"Le Th\u00e9\u00e2tre Gr\u00e9co-Romain - Villa Valverde\",\"isPartOf\":{\"@id\":\"https:\\\/\\\/www.villavalverde.it\\\/#website\"},\"primaryImageOfPage\":{\"@id\":\"https:\\\/\\\/www.villavalverde.it\\\/fr\\\/le-theatre-greco-romain\\\/#primaryimage\"},\"image\":{\"@id\":\"https:\\\/\\\/www.villavalverde.it\\\/fr\\\/le-theatre-greco-romain\\\/#primaryimage\"},\"thumbnailUrl\":\"https:\\\/\\\/www.villavalverde.it\\\/wp-content\\\/uploads\\\/2021\\\/02\\\/villa-valverde-dintorni-i-teatro-taormina.jpg\",\"datePublished\":\"2021-02-26T10:40:53+00:00\",\"dateModified\":\"2025-06-20T09:59:37+00:00\",\"author\":{\"@id\":\"https:\\\/\\\/www.villavalverde.it\\\/#\\\/schema\\\/person\\\/44484402f8e43cfebf6a2a546aeb7d88\"},\"inLanguage\":\"fr-FR\",\"potentialAction\":[{\"@type\":\"ReadAction\",\"target\":[\"https:\\\/\\\/www.villavalverde.it\\\/fr\\\/le-theatre-greco-romain\\\/\"]}]},{\"@type\":\"ImageObject\",\"inLanguage\":\"fr-FR\",\"@id\":\"https:\\\/\\\/www.villavalverde.it\\\/fr\\\/le-theatre-greco-romain\\\/#primaryimage\",\"url\":\"https:\\\/\\\/www.villavalverde.it\\\/wp-content\\\/uploads\\\/2021\\\/02\\\/villa-valverde-dintorni-i-teatro-taormina.jpg\",\"contentUrl\":\"https:\\\/\\\/www.villavalverde.it\\\/wp-content\\\/uploads\\\/2021\\\/02\\\/villa-valverde-dintorni-i-teatro-taormina.jpg\",\"width\":1300,\"height\":1740},{\"@type\":\"WebSite\",\"@id\":\"https:\\\/\\\/www.villavalverde.it\\\/#website\",\"url\":\"https:\\\/\\\/www.villavalverde.it\\\/\",\"name\":\"Villa Valverde\",\"description\":\"\",\"potentialAction\":[{\"@type\":\"SearchAction\",\"target\":{\"@type\":\"EntryPoint\",\"urlTemplate\":\"https:\\\/\\\/www.villavalverde.it\\\/?s={search_term_string}\"},\"query-input\":{\"@type\":\"PropertyValueSpecification\",\"valueRequired\":true,\"valueName\":\"search_term_string\"}}],\"inLanguage\":\"fr-FR\"},{\"@type\":\"Person\",\"@id\":\"https:\\\/\\\/www.villavalverde.it\\\/#\\\/schema\\\/person\\\/44484402f8e43cfebf6a2a546aeb7d88\",\"name\":\"trippete\",\"image\":{\"@type\":\"ImageObject\",\"inLanguage\":\"fr-FR\",\"@id\":\"https:\\\/\\\/secure.gravatar.com\\\/avatar\\\/a8aa49b8d56d97a9c45029d31fa5b89a410c4903b0f463b43f97f18bc449548e?s=96&d=mm&r=g\",\"url\":\"https:\\\/\\\/secure.gravatar.com\\\/avatar\\\/a8aa49b8d56d97a9c45029d31fa5b89a410c4903b0f463b43f97f18bc449548e?s=96&d=mm&r=g\",\"contentUrl\":\"https:\\\/\\\/secure.gravatar.com\\\/avatar\\\/a8aa49b8d56d97a9c45029d31fa5b89a410c4903b0f463b43f97f18bc449548e?s=96&d=mm&r=g\",\"caption\":\"trippete\"},\"sameAs\":[\"https:\\\/\\\/www.villavalverde.it\"]}]}<\/script>\n<!-- \/ Yoast SEO plugin. -->","yoast_head_json":{"title":"Le Th\u00e9\u00e2tre Gr\u00e9co-Romain - Villa Valverde","robots":{"index":"index","follow":"follow","max-snippet":"max-snippet:-1","max-image-preview":"max-image-preview:large","max-video-preview":"max-video-preview:-1"},"canonical":"https:\/\/www.villavalverde.it\/fr\/le-theatre-greco-romain\/","og_locale":"fr_FR","og_type":"article","og_title":"Le Th\u00e9\u00e2tre Gr\u00e9co-Romain - Villa Valverde","og_description":"Construit dans la seconde moiti\u00e9 du IIIe si\u00e8cle avant JC, il s\u2019est enrichi d\u2019\u00e9l\u00e9ments architecturaux et artistiques gr\u00e2ce \u00e0 l\u2019intervention de l\u2019empereur romain C\u00e9sar Auguste Ottaviano. Pour cette raison, bien qu\u2019\u00e9tant le second de Sicile par sa grandeur, apr\u00e8s celui de Siracusa, ses particularit\u00e9s architecturales le rendent unique au monde, avec une vue imprenable qui [&hellip;]","og_url":"https:\/\/www.villavalverde.it\/fr\/le-theatre-greco-romain\/","og_site_name":"Villa Valverde","article_published_time":"2021-02-26T10:40:53+00:00","article_modified_time":"2025-06-20T09:59:37+00:00","og_image":[{"width":1300,"height":1740,"url":"https:\/\/www.villavalverde.it\/wp-content\/uploads\/2021\/02\/villa-valverde-dintorni-i-teatro-taormina.jpg","type":"image\/jpeg"}],"author":"trippete","twitter_card":"summary_large_image","twitter_misc":{"\u00c9crit par":"trippete","Dur\u00e9e de lecture estim\u00e9e":"1 minute"},"schema":{"@context":"https:\/\/schema.org","@graph":[{"@type":"Article","@id":"https:\/\/www.villavalverde.it\/fr\/le-theatre-greco-romain\/#article","isPartOf":{"@id":"https:\/\/www.villavalverde.it\/fr\/le-theatre-greco-romain\/"},"author":{"name":"trippete","@id":"https:\/\/www.villavalverde.it\/#\/schema\/person\/44484402f8e43cfebf6a2a546aeb7d88"},"headline":"Le Th\u00e9\u00e2tre Gr\u00e9co-Romain","datePublished":"2021-02-26T10:40:53+00:00","dateModified":"2025-06-20T09:59:37+00:00","mainEntityOfPage":{"@id":"https:\/\/www.villavalverde.it\/fr\/le-theatre-greco-romain\/"},"wordCount":131,"image":{"@id":"https:\/\/www.villavalverde.it\/fr\/le-theatre-greco-romain\/#primaryimage"},"thumbnailUrl":"https:\/\/www.villavalverde.it\/wp-content\/uploads\/2021\/02\/villa-valverde-dintorni-i-teatro-taormina.jpg","articleSection":["Environs"],"inLanguage":"fr-FR"},{"@type":"WebPage","@id":"https:\/\/www.villavalverde.it\/fr\/le-theatre-greco-romain\/","url":"https:\/\/www.villavalverde.it\/fr\/le-theatre-greco-romain\/","name":"Le Th\u00e9\u00e2tre Gr\u00e9co-Romain - Villa Valverde","isPartOf":{"@id":"https:\/\/www.villavalverde.it\/#website"},"primaryImageOfPage":{"@id":"https:\/\/www.villavalverde.it\/fr\/le-theatre-greco-romain\/#primaryimage"},"image":{"@id":"https:\/\/www.villavalverde.it\/fr\/le-theatre-greco-romain\/#primaryimage"},"thumbnailUrl":"https:\/\/www.villavalverde.it\/wp-content\/uploads\/2021\/02\/villa-valverde-dintorni-i-teatro-taormina.jpg","datePublished":"2021-02-26T10:40:53+00:00","dateModified":"2025-06-20T09:59:37+00:00","author":{"@id":"https:\/\/www.villavalverde.it\/#\/schema\/person\/44484402f8e43cfebf6a2a546aeb7d88"},"inLanguage":"fr-FR","potentialAction":[{"@type":"ReadAction","target":["https:\/\/www.villavalverde.it\/fr\/le-theatre-greco-romain\/"]}]},{"@type":"ImageObject","inLanguage":"fr-FR","@id":"https:\/\/www.villavalverde.it\/fr\/le-theatre-greco-romain\/#primaryimage","url":"https:\/\/www.villavalverde.it\/wp-content\/uploads\/2021\/02\/villa-valverde-dintorni-i-teatro-taormina.jpg","contentUrl":"https:\/\/www.villavalverde.it\/wp-content\/uploads\/2021\/02\/villa-valverde-dintorni-i-teatro-taormina.jpg","width":1300,"height":1740},{"@type":"WebSite","@id":"https:\/\/www.villavalverde.it\/#website","url":"https:\/\/www.villavalverde.it\/","name":"Villa Valverde","description":"","potentialAction":[{"@type":"SearchAction","target":{"@type":"EntryPoint","urlTemplate":"https:\/\/www.villavalverde.it\/?s={search_term_string}"},"query-input":{"@type":"PropertyValueSpecification","valueRequired":true,"valueName":"search_term_string"}}],"inLanguage":"fr-FR"},{"@type":"Person","@id":"https:\/\/www.villavalverde.it\/#\/schema\/person\/44484402f8e43cfebf6a2a546aeb7d88","name":"trippete","image":{"@type":"ImageObject","inLanguage":"fr-FR","@id":"https:\/\/secure.gravatar.com\/avatar\/a8aa49b8d56d97a9c45029d31fa5b89a410c4903b0f463b43f97f18bc449548e?s=96&d=mm&r=g","url":"https:\/\/secure.gravatar.com\/avatar\/a8aa49b8d56d97a9c45029d31fa5b89a410c4903b0f463b43f97f18bc449548e?s=96&d=mm&r=g","contentUrl":"https:\/\/secure.gravatar.com\/avatar\/a8aa49b8d56d97a9c45029d31fa5b89a410c4903b0f463b43f97f18bc449548e?s=96&d=mm&r=g","caption":"trippete"},"sameAs":["https:\/\/www.villavalverde.it"]}]}},"_links":{"self":[{"href":"https:\/\/www.villavalverde.it\/fr\/wp-json\/wp\/v2\/posts\/9049","targetHints":{"allow":["GET"]}}],"collection":[{"href":"https:\/\/www.villavalverde.it\/fr\/wp-json\/wp\/v2\/posts"}],"about":[{"href":"https:\/\/www.villavalverde.it\/fr\/wp-json\/wp\/v2\/types\/post"}],"author":[{"embeddable":true,"href":"https:\/\/www.villavalverde.it\/fr\/wp-json\/wp\/v2\/users\/1"}],"replies":[{"embeddable":true,"href":"https:\/\/www.villavalverde.it\/fr\/wp-json\/wp\/v2\/comments?post=9049"}],"version-history":[{"count":0,"href":"https:\/\/www.villavalverde.it\/fr\/wp-json\/wp\/v2\/posts\/9049\/revisions"}],"wp:featuredmedia":[{"embeddable":true,"href":"https:\/\/www.villavalverde.it\/fr\/wp-json\/wp\/v2\/media\/35151"}],"wp:attachment":[{"href":"https:\/\/www.villavalverde.it\/fr\/wp-json\/wp\/v2\/media?parent=9049"}],"wp:term":[{"taxonomy":"category","embeddable":true,"href":"https:\/\/www.villavalverde.it\/fr\/wp-json\/wp\/v2\/categories?post=9049"},{"taxonomy":"post_tag","embeddable":true,"href":"https:\/\/www.villavalverde.it\/fr\/wp-json\/wp\/v2\/tags?post=9049"}],"curies":[{"name":"wp","href":"https:\/\/api.w.org\/{rel}","templated":true}]}}